{"id":131,"date":"2017-02-19T11:33:14","date_gmt":"2017-02-19T11:33:14","guid":{"rendered":"http:\/\/memoriaaine2015.ingenierosnavales.com\/?p=131"},"modified":"2017-02-19T11:33:14","modified_gmt":"2017-02-19T11:33:14","slug":"movimiento-de-poblacion-en-2016","status":"publish","type":"post","link":"https:\/\/memoriaaine2016.ingenierosnavales.com\/?p=131","title":{"rendered":"Movimiento de poblaci\u00f3n en 2016"},"content":{"rendered":"<p><strong>Poblaci\u00f3n total al 31 de diciembre de 2016:<\/strong><\/p>\n<table>\n<tbody>\n<tr>\n<td width=\"294\">1.820<\/td>\n<td width=\"294\">Asociados de N\u00famero<\/td>\n<\/tr>\n<tr>\n<td width=\"294\">45<\/td>\n<td width=\"294\">Asociados Estudiantes<\/td>\n<\/tr>\n<tr>\n<td width=\"294\">25<\/td>\n<td width=\"294\">Socios Adheridos<\/td>\n<\/tr>\n<\/tbody>\n<\/table>\n<table>\n<tbody>\n<tr>\n<td width=\"294\"><strong>Altas Asociados de N\u00famero<\/strong><\/td>\n<td width=\"294\">35<\/td>\n<\/tr>\n<tr>\n<td width=\"294\">\u00a0 \u00a0 \u00a0 \u00a0 \u00a0 De los cuales, por cambio de categor\u00eda<\/td>\n<td width=\"294\">9<\/td>\n<\/tr>\n<tr>\n<td width=\"294\">\u00a0 \u00a0 \u00a0 \u00a0 \u00a0 Reingresos<\/td>\n<td width=\"294\">1<\/td>\n<\/tr>\n<\/tbody>\n<\/table>\n<table>\n<tbody>\n<tr>\n<td width=\"294\"><strong>Altas Asociados Estudiantes<\/strong><\/td>\n<td width=\"294\">4<\/td>\n<\/tr>\n<\/tbody>\n<\/table>\n<table>\n<tbody>\n<tr>\n<td width=\"294\"><strong>Altas Socios corporativos<\/strong><\/td>\n<td width=\"294\">0<\/td>\n<\/tr>\n<tr>\n<td width=\"294\"><strong>Altas Socios adheridos personas f\u00edsicas<\/strong><\/td>\n<td width=\"294\">4<\/td>\n<\/tr>\n<\/tbody>\n<\/table>\n<table style=\"height: 79px;\" width=\"737\">\n<tbody>\n<tr>\n<td width=\"294\">Bajas Asociados de N\u00famero<\/td>\n<td width=\"294\">55<\/td>\n<\/tr>\n<tr>\n<td width=\"294\">\u00a0 \u00a0 \u00a0 \u00a0 \u00a0Fallecidos<\/td>\n<td width=\"294\">17<\/td>\n<\/tr>\n<tr>\n<td width=\"294\">Bajas Asociados Estudiantes<\/td>\n<td width=\"294\">3<\/td>\n<\/tr>\n<\/tbody>\n<\/table>\n<p>&nbsp;<\/p>\n<p><iframe loading=\"lazy\" src=\"https:\/\/docs.google.com\/spreadsheets\/d\/196zAg8T4tunGLNAtpT6WZHonYDEpt40jzoC3hOOpFJ0\/pubchart?oid=55634875&amp;format=interactive\" width=\"600\" height=\"371\" frameborder=\"0\" scrolling=\"no\" seamless=\"\"><\/iframe><br \/>\n<iframe loading=\"lazy\" src=\"https:\/\/docs.google.com\/spreadsheets\/d\/196zAg8T4tunGLNAtpT6WZHonYDEpt40jzoC3hOOpFJ0\/pubchart?oid=1143419785&amp;format=interactive\" width=\"600\" height=\"371\" frameborder=\"0\" scrolling=\"no\" seamless=\"\"><\/iframe><\/p>\n<p style=\"text-align: justify;\"><strong>Fallecidos<\/strong><\/p>\n<p>Lamentamos los fallecimientos producidos a lo largo de 2016, de los siguientes compa\u00f1eros: Manuel\u00a0\u00a0\u00a0\u00a0 D\u00edaz Rijo, Antonio Fern\u00e1ndez Becerra, Bernardo Costilla Pe\u00f1a, Gerardo Celaya Garc\u00eda, Luis Y\u00e1\u00f1ez Rodr\u00edguez, Pablo Ruiz de Azc\u00e1rate Marset, Ra\u00fal de la Hoz Romero, Jos\u00e9 Ignacio Godino Pardo, Rafael\u00a0\u00a0\u00a0 Loureiro Feal, \u00c1lvaro Zurita S\u00e1enz de Navarrete, Enrique Albarr\u00e1n Guti\u00e9rrez, Felipe Peg \u00c1lvarez de Quevedo, Ubaldo Parga Gigosos, Vicente Ivorra Juan, Jes\u00fas Bernardo Valera Rodr\u00edguez, Jos\u00e9 Mar\u00eda Aguirre Herrera, Enrique Eduardo Rodr\u00edguez Segura.<\/p>\n<p style=\"text-align: justify;\">Permanecer\u00e1n en nuestra memoria. Agradecemos todo cuanto hicieron por la profesi\u00f3n. Descansen en paz.<\/p>\n","protected":false},"excerpt":{"rendered":"<p>Poblaci\u00f3n total al 31 de diciembre de 2016: 1.820 Asociados de N\u00famero 45 Asociados Estudiantes 25 Socios Adheridos Altas Asociados de N\u00famero 35 \u00a0 \u00a0 \u00a0 \u00a0 \u00a0 De los cuales, por cambio de categor\u00eda 9 \u00a0 \u00a0 \u00a0 \u00a0 \u00a0 Reingresos 1 Altas Asociados Estudiantes 4 Altas Socios corporativos 0 Altas Socios adheridos personas [&hellip;]<\/p>\n","protected":false},"author":1,"featured_media":593,"comment_status":"open","ping_status":"open","sticky":false,"template":"","format":"standard","meta":[],"categories":[3],"tags":[],"_links":{"self":[{"href":"https:\/\/memoriaaine2016.ingenierosnavales.com\/index.php?rest_route=\/wp\/v2\/posts\/131"}],"collection":[{"href":"https:\/\/memoriaaine2016.ingenierosnavales.com\/index.php?rest_route=\/wp\/v2\/posts"}],"about":[{"href":"https:\/\/memoriaaine2016.ingenierosnavales.com\/index.php?rest_route=\/wp\/v2\/types\/post"}],"author":[{"embeddable":true,"href":"https:\/\/memoriaaine2016.ingenierosnavales.com\/index.php?rest_route=\/wp\/v2\/users\/1"}],"replies":[{"embeddable":true,"href":"https:\/\/memoriaaine2016.ingenierosnavales.com\/index.php?rest_route=%2Fwp%2Fv2%2Fcomments&post=131"}],"version-history":[{"count":0,"href":"https:\/\/memoriaaine2016.ingenierosnavales.com\/index.php?rest_route=\/wp\/v2\/posts\/131\/revisions"}],"wp:featuredmedia":[{"embeddable":true,"href":"https:\/\/memoriaaine2016.ingenierosnavales.com\/index.php?rest_route=\/wp\/v2\/media\/593"}],"wp:attachment":[{"href":"https:\/\/memoriaaine2016.ingenierosnavales.com\/index.php?rest_route=%2Fwp%2Fv2%2Fmedia&parent=131"}],"wp:term":[{"taxonomy":"category","embeddable":true,"href":"https:\/\/memoriaaine2016.ingenierosnavales.com\/index.php?rest_route=%2Fwp%2Fv2%2Fcategories&post=131"},{"taxonomy":"post_tag","embeddable":true,"href":"https:\/\/memoriaaine2016.ingenierosnavales.com\/index.php?rest_route=%2Fwp%2Fv2%2Ftags&post=131"}],"curies":[{"name":"wp","href":"https:\/\/api.w.org\/{rel}","templated":true}]}}