{"id":23,"date":"2017-02-19T08:34:43","date_gmt":"2017-02-19T08:34:43","guid":{"rendered":"http:\/\/memoriaaine2015.ingenierosnavales.com\/?p=23"},"modified":"2017-02-19T08:34:43","modified_gmt":"2017-02-19T08:34:43","slug":"comite-de-tecnologias-de-defensa-del-iie-2016","status":"publish","type":"post","link":"https:\/\/memoriaaine2016.ingenierosnavales.com\/?p=23","title":{"rendered":"Comit\u00e9 de Tecnolog\u00edas de Defensa"},"content":{"rendered":"<p style=\"text-align: justify;\">Durante el a\u00f1o 2016 el Comit\u00e9 de Tecnolog\u00edas de Defensa del IIE ha organizado una serie de jornadas divulgativas, unas de car\u00e1cter esencialmente t\u00e9cnico, otras de tipo hist\u00f3ri<img decoding=\"async\" loading=\"lazy\" class=\"wp-image-579 alignright\" src=\"https:\/\/memoriaaine2016a.ingenierosnavales.com\/wp-content\/uploads\/2016\/02\/66519_Oltra-226x300.jpg\" alt=\"\" width=\"263\" height=\"349\" srcset=\"https:\/\/memoriaaine2016.ingenierosnavales.com\/wp-content\/uploads\/2016\/02\/66519_Oltra-226x300.jpg 226w, https:\/\/memoriaaine2016.ingenierosnavales.com\/wp-content\/uploads\/2016\/02\/66519_Oltra.jpg 300w\" sizes=\"(max-width: 263px) 100vw, 263px\" \/>co-conmemorativo y algunas de inter\u00e9s para el desarrollo profesional del ingeniero. Entre las realizadas cabe destacar las siguientes:<\/p>\n<ul>\n<li style=\"text-align: justify;\">Proyecto para la reconstrucci\u00f3n de modelos virtuales tanto 3D como 4D.<\/li>\n<li style=\"text-align: justify;\">Presentaci\u00f3n del libro sobre el General de Artiller\u00eda e Ingeniero Industrial del Ej\u00e9rcito: D. Francisco de As\u00eds Garc\u00eda Oltra.<\/li>\n<li style=\"text-align: justify;\">El General \u00c1lava, Waterloo y el A\u00f1o 1815.<\/li>\n<li style=\"text-align: justify;\">Las nuevas certificaciones internacionales en ingenier\u00eda.<\/li>\n<\/ul>\n<p>Todav\u00eda se encuentran en fase de preparaci\u00f3n otras con tem\u00e1ticas tan interesantes como la aplicaci\u00f3n de \u201cdrones\u201d en defensa o el empleo de tecnolog\u00edas de doble uso.<\/p>\n<p>&nbsp;<\/p>\n","protected":false},"excerpt":{"rendered":"<p>Durante el a\u00f1o 2016 el Comit\u00e9 de Tecnolog\u00edas de Defensa del IIE ha organizado una serie de jornadas divulgativas, unas de car\u00e1cter esencialmente t\u00e9cnico, otras de tipo hist\u00f3rico-conmemorativo y algunas de inter\u00e9s para el desarrollo profesional del ingeniero. Entre las realizadas cabe destacar las siguientes: Proyecto para la reconstrucci\u00f3n de modelos virtuales tanto 3D como [&hellip;]<\/p>\n","protected":false},"author":1,"featured_media":0,"comment_status":"open","ping_status":"open","sticky":false,"template":"","format":"standard","meta":[],"categories":[2],"tags":[],"_links":{"self":[{"href":"https:\/\/memoriaaine2016.ingenierosnavales.com\/index.php?rest_route=\/wp\/v2\/posts\/23"}],"collection":[{"href":"https:\/\/memoriaaine2016.ingenierosnavales.com\/index.php?rest_route=\/wp\/v2\/posts"}],"about":[{"href":"https:\/\/memoriaaine2016.ingenierosnavales.com\/index.php?rest_route=\/wp\/v2\/types\/post"}],"author":[{"embeddable":true,"href":"https:\/\/memoriaaine2016.ingenierosnavales.com\/index.php?rest_route=\/wp\/v2\/users\/1"}],"replies":[{"embeddable":true,"href":"https:\/\/memoriaaine2016.ingenierosnavales.com\/index.php?rest_route=%2Fwp%2Fv2%2Fcomments&post=23"}],"version-history":[{"count":0,"href":"https:\/\/memoriaaine2016.ingenierosnavales.com\/index.php?rest_route=\/wp\/v2\/posts\/23\/revisions"}],"wp:attachment":[{"href":"https:\/\/memoriaaine2016.ingenierosnavales.com\/index.php?rest_route=%2Fwp%2Fv2%2Fmedia&parent=23"}],"wp:term":[{"taxonomy":"category","embeddable":true,"href":"https:\/\/memoriaaine2016.ingenierosnavales.com\/index.php?rest_route=%2Fwp%2Fv2%2Fcategories&post=23"},{"taxonomy":"post_tag","embeddable":true,"href":"https:\/\/memoriaaine2016.ingenierosnavales.com\/index.php?rest_route=%2Fwp%2Fv2%2Ftags&post=23"}],"curies":[{"name":"wp","href":"https:\/\/api.w.org\/{rel}","templated":true}]}}