{"id":314,"date":"2017-03-02T10:52:03","date_gmt":"2017-03-02T10:52:03","guid":{"rendered":"http:\/\/memoriaaine2015.ingenierosnavales.com\/?p=314"},"modified":"2017-03-02T10:52:03","modified_gmt":"2017-03-02T10:52:03","slug":"comite-de-asuntos-maritimos-y-marinos","status":"publish","type":"post","link":"https:\/\/memoriaaine2016.ingenierosnavales.com\/?p=314","title":{"rendered":"Comit\u00e9 de Asuntos Mar\u00edtimos y Marinos"},"content":{"rendered":"<p><strong>Objetivo:<\/strong> La mejora de la eficacia en la gesti\u00f3n m\u00faltiple y transversal de las actividades que integran el sector justifica sobradamente su car\u00e1cter estrat\u00e9gico, y por tanto la creaci\u00f3n de un Comit\u00e9 de Asuntos Mar\u00edtimos que resultar\u00eda multidisciplinar entre las ingenier\u00edas y enriquece la actividad del IIE.<\/p>\n<p><strong>Presidente:<\/strong> Jos\u00e9 Esteban P\u00e9rez Garc\u00eda (NAV)<\/p>\n<p><strong>Miembros:<\/strong> Lo forman 12 miembros, de los cuales, 1 est\u00e1 inactivo.<\/p>\n<p><strong>Actividad:<\/strong><\/p>\n<p>5 Reuniones (8 asistentes por reuni\u00f3n de media)<\/p>\n<p>4 <a href=\"http:\/\/iies.es\/category\/blog-de-asuntos-maritimos\/\">publicaciones en el blog<\/a> en 2016 y 8 en 2016<\/p>\n<p>4 Jornadas:<\/p>\n<ul>\n<li>25 febrero \u2013 <a href=\"https:\/\/www.youtube.com\/watch?v=mzZG1qIxkyg\">Dos canales crecen para el mundo<\/a> (60 asistentes)<\/li>\n<li>7 abril \u2013 <a href=\"https:\/\/www.youtube.com\/watch?v=hUmaMrVyC9w\">Aerogeneradores en la mar<\/a> (100 asistentes)<\/li>\n<li>19 mayo \u2013 <a href=\"https:\/\/www.youtube.com\/watch?v=V8KEkDFrSyw\">Construcci\u00f3n naval, una ruta entre la espada y la pared<\/a> (40)<\/li>\n<li>2 noviembre \u2013 <a href=\"https:\/\/www.youtube.com\/watch?v=3dSZ7upi8wQ\">Factores clave en la construcci\u00f3n del Canal de Panam\u00e1<\/a> (30)<\/li>\n<\/ul>\n<p><strong>Previsi\u00f3n de actividades para 2017<\/strong><\/p>\n<ul>\n<li>18 enero \u2013 <a href=\"https:\/\/www.youtube.com\/watch?v=gd4KUA4CIiI\">Mar y transporte mar\u00edtimo<\/a> (130 asistentes)<\/li>\n<li>22 febrero \u2013 <a href=\"https:\/\/www.youtube.com\/watch?v=2BTpYtdm14I\">Ram\u00f3n Iribarren. Ingeniero de puertos y costas<\/a>.<\/li>\n<li>Jornada de Transporte mar\u00edtimo: Jornada realizada el 18 de enero. La idea es explicar la importancia de los navieros y la importancia de que un pa\u00eds tenga navieros.<\/li>\n<li>Jornada informativa sobre los Fondos de la UE destinados a temas Mar\u00edtimos<\/li>\n<li>Jornada informativa sobre el Proyecto CEF (Conecting Europe Facility) continuaci\u00f3n del proyecto<\/li>\n<li>TEN-T \u2013 Propuesta de Ignacio S\u00e1nchez de Mora (CAM)<\/li>\n<li>Jornada sobre puertos del Estado. Gobernanza portuaria.<\/li>\n<li><a href=\"https:\/\/www.youtube.com\/watch?v=5QvbIlfueXk\">Jornada sobre impresi\u00f3n 3D<\/a>. A medias con el Comit\u00e9 de la sociedad de la informaci\u00f3n. Podr\u00edan ser tres ponencias:\n<ul>\n<li>Comit\u00e9 sociedad de la informaci\u00f3n (a elecci\u00f3n del Comit\u00e9 de Soc. Info.)<\/li>\n<li>Comit\u00e9 de asuntos mar\u00edtimos: influencia en transporte y construcci\u00f3n.<\/li>\n<li>Biomedicina (aplicaci\u00f3n de la impresi\u00f3n 3D)<\/li>\n<\/ul>\n<\/li>\n<\/ul>\n<ul>\n<li>Jornada cultural con Manuel Maestro. Se ofrece a hacer una jornada \u00e9l s\u00f3lo o con alguien m\u00e1s.<\/li>\n<li>Intentar traer a P\u00e9rez-Reverte a trav\u00e9s de Manuel Maestro.<\/li>\n<li>Jornada sobre la concesi\u00f3n portuaria en n\u00e1utica de recreo.<\/li>\n<li>Jornada sobre micropl\u00e1sticos. Planteada por Felipe Mart\u00ednez Mart\u00ednez (CAM)<\/li>\n<li>Otra jornada interesante ser\u00eda sobre los cruceros en China.<\/li>\n<\/ul>\n","protected":false},"excerpt":{"rendered":"<p>Objetivo: La mejora de la eficacia en la gesti\u00f3n m\u00faltiple y transversal de las actividades que integran el sector justifica sobradamente su car\u00e1cter estrat\u00e9gico, y por tanto la creaci\u00f3n de un Comit\u00e9 de Asuntos Mar\u00edtimos que resultar\u00eda multidisciplinar entre las ingenier\u00edas y enriquece la actividad del IIE. Presidente: Jos\u00e9 Esteban P\u00e9rez Garc\u00eda (NAV) Miembros: Lo [&hellip;]<\/p>\n","protected":false},"author":1,"featured_media":319,"comment_status":"open","ping_status":"open","sticky":false,"template":"","format":"standard","meta":[],"categories":[2],"tags":[],"_links":{"self":[{"href":"https:\/\/memoriaaine2016.ingenierosnavales.com\/index.php?rest_route=\/wp\/v2\/posts\/314"}],"collection":[{"href":"https:\/\/memoriaaine2016.ingenierosnavales.com\/index.php?rest_route=\/wp\/v2\/posts"}],"about":[{"href":"https:\/\/memoriaaine2016.ingenierosnavales.com\/index.php?rest_route=\/wp\/v2\/types\/post"}],"author":[{"embeddable":true,"href":"https:\/\/memoriaaine2016.ingenierosnavales.com\/index.php?rest_route=\/wp\/v2\/users\/1"}],"replies":[{"embeddable":true,"href":"https:\/\/memoriaaine2016.ingenierosnavales.com\/index.php?rest_route=%2Fwp%2Fv2%2Fcomments&post=314"}],"version-history":[{"count":0,"href":"https:\/\/memoriaaine2016.ingenierosnavales.com\/index.php?rest_route=\/wp\/v2\/posts\/314\/revisions"}],"wp:featuredmedia":[{"embeddable":true,"href":"https:\/\/memoriaaine2016.ingenierosnavales.com\/index.php?rest_route=\/wp\/v2\/media\/319"}],"wp:attachment":[{"href":"https:\/\/memoriaaine2016.ingenierosnavales.com\/index.php?rest_route=%2Fwp%2Fv2%2Fmedia&parent=314"}],"wp:term":[{"taxonomy":"category","embeddable":true,"href":"https:\/\/memoriaaine2016.ingenierosnavales.com\/index.php?rest_route=%2Fwp%2Fv2%2Fcategories&post=314"},{"taxonomy":"post_tag","embeddable":true,"href":"https:\/\/memoriaaine2016.ingenierosnavales.com\/index.php?rest_route=%2Fwp%2Fv2%2Ftags&post=314"}],"curies":[{"name":"wp","href":"https:\/\/api.w.org\/{rel}","templated":true}]}}